{"id":6548,"date":"2026-09-01T09:49:19","date_gmt":"2026-09-01T07:49:19","guid":{"rendered":"https:\/\/www.brissago.ch\/?p=6548"},"modified":"2026-09-01T09:50:26","modified_gmt":"2026-09-01T07:50:26","slug":"avviso-chiusura-strada-via-naccio","status":"publish","type":"post","link":"https:\/\/www.brissago.ch\/fr\/avvisi\/avviso-chiusura-strada-via-naccio\/","title":{"rendered":"Avis de fermeture de route VIA NACCIO"},"content":{"rendered":"<p class=\"wp-block-paragraph\">Nous informons les utilisateurs aimables que VIA NACCIO restera ferm\u00e9e \u00e0 la circulation pour les travaux entre la r\u00e9gion de Corte et Bassuno (Monti di Porta):<\/p>\n\n\n\n<p class=\"wp-block-paragraph\"><strong><u>10 SEPTEMBRE 2026 \u2013 DE 9 heures \u00e0 12 heures ET DE 13 h 30 \u00e0 16 h 30<\/u><\/strong><\/p>\n\n\n\n<p class=\"wp-block-paragraph\">L'acc\u00e8s aux v\u00e9hicules d'urgence n'est pas garanti.<\/p>\n\n\n\n<p class=\"wp-block-paragraph\">De plus amples informations peuvent \u00eatre obtenues aupr\u00e8s du bureau technique municipal.<\/p>\n\n\n\n<p class=\"wp-block-paragraph\">Il fait confiance \u00e0 la plus grande compr\u00e9hension et collaboration.&nbsp;&nbsp;&nbsp;&nbsp;&nbsp;&nbsp;&nbsp;&nbsp;&nbsp;&nbsp;&nbsp;&nbsp;&nbsp;&nbsp;&nbsp;&nbsp;&nbsp;&nbsp;&nbsp;&nbsp;&nbsp;&nbsp;&nbsp;<\/p>\n\n\n\n<figure class=\"wp-block-mazz-immagine mazz-immagine\"><a href=\"https:\/\/www.brissago.ch\/sito\/wp-content\/uploads\/2026\/09\/CARTA.jpg\" data-lightbox=\"gallery\" data-title=\"\"><picture><source srcset=\"https:\/\/www.brissago.ch\/sito\/wp-content\/uploads\/2026\/09\/CARTA-800x446.jpg\" media=\"(max-width: 600px)\"\/><source srcset=\"https:\/\/www.brissago.ch\/sito\/wp-content\/uploads\/2026\/09\/CARTA.jpg\" media=\"(min-width: 601px)\"\/><img decoding=\"async\" src=\"https:\/\/www.brissago.ch\/sito\/wp-content\/uploads\/2026\/09\/CARTA.jpg\" alt=\"\" title=\"\"><\/picture><\/a><\/figure>","protected":false},"excerpt":{"rendered":"<p>Nous informons les utilisateurs aimables que VIA NACCIO restera ferm\u00e9e \u00e0 la circulation pour les travaux entre la r\u00e9gion de Corte et Bassuno (Monti di Porta): 10 SEPTEMBRE 2026 \u2013 DE 9 heures \u00e0 12 heures ET DE 13 h 30 \u00e0 16 h 30 L\u2019acc\u00e8s aux v\u00e9hicules d\u2019urgence n\u2019est pas garanti. De plus amples informations peuvent \u00eatre obtenues aupr\u00e8s du bureau technique municipal. Oui [\u2026]<\/p>","protected":false},"author":2,"featured_media":2861,"comment_status":"closed","ping_status":"closed","sticky":false,"template":"","format":"standard","meta":{"_acf_changed":false,"footnotes":""},"categories":[122],"tags":[],"class_list":["post-6548","post","type-post","status-publish","format-standard","has-post-thumbnail","hentry","category-avvisi"],"acf":[],"_links":{"self":[{"href":"https:\/\/www.brissago.ch\/fr\/wp-json\/wp\/v2\/posts\/6548","targetHints":{"allow":["GET"]}}],"collection":[{"href":"https:\/\/www.brissago.ch\/fr\/wp-json\/wp\/v2\/posts"}],"about":[{"href":"https:\/\/www.brissago.ch\/fr\/wp-json\/wp\/v2\/types\/post"}],"author":[{"embeddable":true,"href":"https:\/\/www.brissago.ch\/fr\/wp-json\/wp\/v2\/users\/2"}],"replies":[{"embeddable":true,"href":"https:\/\/www.brissago.ch\/fr\/wp-json\/wp\/v2\/comments?post=6548"}],"version-history":[{"count":1,"href":"https:\/\/www.brissago.ch\/fr\/wp-json\/wp\/v2\/posts\/6548\/revisions"}],"predecessor-version":[{"id":6550,"href":"https:\/\/www.brissago.ch\/fr\/wp-json\/wp\/v2\/posts\/6548\/revisions\/6550"}],"wp:featuredmedia":[{"embeddable":true,"href":"https:\/\/www.brissago.ch\/fr\/wp-json\/wp\/v2\/media\/2861"}],"wp:attachment":[{"href":"https:\/\/www.brissago.ch\/fr\/wp-json\/wp\/v2\/media?parent=6548"}],"wp:term":[{"taxonomy":"category","embeddable":true,"href":"https:\/\/www.brissago.ch\/fr\/wp-json\/wp\/v2\/categories?post=6548"},{"taxonomy":"post_tag","embeddable":true,"href":"https:\/\/www.brissago.ch\/fr\/wp-json\/wp\/v2\/tags?post=6548"}],"curies":[{"name":"wp","href":"https:\/\/api.w.org\/{rel}","templated":true}]}}