{"id":5684,"date":"2026-01-29T10:40:45","date_gmt":"2026-01-29T09:40:45","guid":{"rendered":"https:\/\/www.brissago.ch\/?p=5684"},"modified":"2026-01-29T10:41:07","modified_gmt":"2026-01-29T09:41:07","slug":"lo-sci-club-brissago-trentanni-di-neve-giovani-e-comunita","status":"publish","type":"post","link":"https:\/\/www.brissago.ch\/fr\/news\/lo-sci-club-brissago-trentanni-di-neve-giovani-e-comunita\/","title":{"rendered":"Le Ski Club Brissago: Trente ans de neige, de jeunes et de communaut\u00e9s"},"content":{"rendered":"<p><strong>Lo <a href=\"https:\/\/sciclubbrissago.ch\/\" target=\"_blank\" rel=\"noopener\">Ski Club Brissago<\/a><\/strong>\u00a0&#8211;\u00a0<strong>Il a une longue histoire, mais c'est une r\u00e9alit\u00e9 plus vivante que jamais. Nous avons demand\u00e9 au pr\u00e9sident, le conseiller municipal Reto Repetti, de nous raconter cette histoire et d'expliquer comment l'association fonctionne aujourd'hui en promouvant la passion du ski aupr\u00e8s des enfants et des jeunes.<\/strong><\/p>\n\n\n\n<p>\u00abDonc, si nous commen\u00e7ons par l\u2019histoire, nous devons faire pas mal de pas en arri\u00e8re, car notre club de ski a \u00e9t\u00e9 fond\u00e9 en mars 1993, il y a plus de 30 ans, m\u00eame si la premi\u00e8re saison officielle d\u2019activit\u00e9 a eu lieu en 1994. L'id\u00e9e est venue de mon p\u00e8re et Paolo Canevascini. Auparavant, c'\u00e9tait la municipalit\u00e9 d'organiser directement la semaine de carnaval sur la neige, en confiant la gestion \u00e0 des personnes individuelles de temps en temps. Au fil du temps, cependant, cet engagement est devenu assez lourd pour la municipalit\u00e9. Mon p\u00e8re et Paolo ont donc propos\u00e9 de cr\u00e9er une v\u00e9ritable entreprise qui s'occuperait de cette activit\u00e9 de mani\u00e8re plus organis\u00e9e. C\u2019est de l\u00e0 qu\u2019est n\u00e9 le Ski Club, qui a repris et perp\u00e9tu\u00e9 la tradition de la semaine du ski, qui reste l\u2019un des piliers de notre activit\u00e9 et un moment central de la saison.\u00bb<\/p>\n\n\n\n<p><strong>Y a-t-il une station d'hiver pr\u00e9f\u00e9r\u00e9e ou choisissez-vous d'ann\u00e9e en ann\u00e9e?<\/strong><\/p>\n\n\n\n<p>\u00abAu d\u00e9part, la destination a souvent \u00e9t\u00e9 modifi\u00e9e. Mais depuis une vingtaine d'ann\u00e9es, nous trouvons un h\u00e9bergement id\u00e9al \u00e0 Veysonnaz, dans le Valais, \u00e0 une altitude d'environ 2 000 m\u00e8tres. C'est une cabane situ\u00e9e directement sur les pistes, une solution parfaite du point de vue de la logistique et de la s\u00e9curit\u00e9. Les gar\u00e7ons mettent les skis \u00e0 la porte et sont imm\u00e9diatement sur les pistes; \u00e0 midi, ils reviennent pour le d\u00e9jeuner et le soir, nous d\u00eenons tous ensemble. Il n'y a pas de mouvements ext\u00e9rieurs et cela garantit la tranquillit\u00e9 d'esprit m\u00eame pour les parents. Non seulement: Le restaurant est g\u00e9r\u00e9 par des chefs locaux, nous n'avons donc pas \u00e0 amener le personnel de l'ext\u00e9rieur. En dessous de la cabane il y a un restaurant fr\u00e9quent\u00e9 par les skieurs, tandis qu'au-dessus il y a nos h\u00e9bergements. Pour le moment, nous n'avons aucune raison de changer d'emplacement: Tout fonctionne tr\u00e8s bien. Cette ann\u00e9e, la Semaine blanche commence le 14 f\u00e9vrier\u00bb.<\/p>\n\n\n\n<p><strong>D'un point de vue organisationnel, comment cela fonctionne-t-il?<\/strong><\/p>\n\n\n\n<p>\u00abSimple: les enfants quittent Brissago avec les moniteurs du Ski Club et reviennent avec eux le week-end. Les parents ne participent pas, \u00e0 l'exception d'une ou deux m\u00e8res \u00e0 qui nous demandons du soutien et qui nous soutiennent dans la gestion quotidienne, surtout en cas de petites affections ou de moments de nostalgie. Les enfants et les jeunes peuvent participer \u00e0 partir de la troisi\u00e8me ann\u00e9e et jusqu'\u00e0 la quatri\u00e8me ann\u00e9e. Pour les r\u00e9sidents de Brissago, nous proposons une somme forfaitaire \u00abpolitique\u00bb de seulement 280 francs, tout compris, gr\u00e2ce \u00e0 une contribution de la commune, qui couvre une partie du budget. Ce co\u00fbt tr\u00e8s bas permet \u00e0 de nombreuses familles d\u2019envoyer leurs enfants \u00e0 la semaine de ski sans encourir de d\u00e9penses \u00e9lev\u00e9es.\u00bb<\/p>\n\n\n\n<p><strong>En plus de la Semaine Blanche a \u00e9galement organis\u00e9 des sorties quotidiennes?<\/strong><\/p>\n\n\n\n<p><br>\u00abOui, g\u00e9n\u00e9ralement quatre ou cinq entre janvier et mars. Nous allons souvent \u00e0 Spl\u00fcgen ou Airolo. Nous avons \u00e9galement test\u00e9 d'autres endroits, mais nous essayons de rester au Tessin ou dans des endroits facilement accessibles par un grand bus, car \u00e0 chaque sortie entre 60 et 70 enfants participent. Dans ce cas, il n\u2019y a pas de limite d\u2019\u00e2ge inf\u00e9rieure, mais pour les enfants de maternelle, nous demandons la pr\u00e9sence d\u2019un parent, pour des raisons de s\u00e9curit\u00e9 et de gestion\u00bb.<\/p>\n\n\n\n<p><strong>Encore une fois, appliquez-vous des tarifs \u00abpolitiques\u00bb?<\/strong><\/p>\n\n\n\n<p>\u00abJe dirais oui: pour les enfants, le co\u00fbt est de 30 francs, y compris le voyage en bus, l'enseignement, le forfait de ski quotidien et le d\u00e9jeuner. Les adultes qui souhaitent participer paient 70 francs, ce qui reste un prix avantageux.Pour garantir ces prix, nous utilisons parfois nos fonds d'adh\u00e9sion: Par exemple, dans une version r\u00e9cente, nous avons d\u00fb couvrir environ 1 700 CHF. Nous pouvons le faire gr\u00e2ce aux activit\u00e9s et \u00e9v\u00e9nements d'\u00e9t\u00e9 que nous organisons au cours de l'ann\u00e9e: toutes les recettes sont r\u00e9investies pour maintenir les co\u00fbts des activit\u00e9s hivernales \u00e0 un niveau bas\u00bb.<\/p>\n\n\n\n<p><strong>Comment est structur\u00e9e l'organisation du Ski Club?<\/strong><\/p>\n\n\n\n<p>\u00abLe comit\u00e9 est compos\u00e9 de neuf personnes, mais autour du club, il y a de nombreux collaborateurs et moniteurs. Nous sommes tr\u00e8s chanceux de voir de nombreux jeunes s'approcher de l'enseignement du ski: L'ann\u00e9e derni\u00e8re seulement, quatre de nos 18-19 ans ont obtenu leur dipl\u00f4me GS et sont maintenant des moniteurs \u00e0 part enti\u00e8re. C'est tr\u00e8s agr\u00e9able de voir que tant de jeunes qui ont commenc\u00e9 comme \u00e9tudiants aujourd'hui veulent devenir enseignants. Au coll\u00e8ge, il suffit de demander qui s'int\u00e9resse \u00e0 ce chemin et presque toutes les mains sont lev\u00e9es. Un groupe jeune et tr\u00e8s motiv\u00e9 est en train d'\u00eatre cr\u00e9\u00e9, et m\u00eame au sein du comit\u00e9, nous impliquons progressivement de nouveaux leviers. Il est essentiel: La vie de toute association d\u00e9pend de l'implication des jeunes. Par rapport \u00e0 il y a quelques ann\u00e9es, la situation s\u2019est consid\u00e9rablement am\u00e9lior\u00e9e et aujourd\u2019hui, nous pouvons dire que le club de ski de Brissago est en excellente sant\u00e9.\u00bb<\/p>\n\n\n\n<p><strong>Et comme dans tout club sportif, il y a aussi un \u00e9l\u00e9ment \u00e9ducatif destin\u00e9 aux jeunes g\u00e9n\u00e9rations...<\/strong><\/p>\n\n\n\n<p>\u00abAbsolument oui: Peut-\u00eatre que l'aspect \u00e9ducatif et social est le moins visible, mais fondamental pour nous. Aujourd'hui, nous voyons beaucoup de jeunes qui sont un peu d\u00e9sorient\u00e9s ou qui s'ennuient. Surtout pour les adolescents, il est essentiel d'avoir quelque chose \u00e0 qui s'identifier, une activit\u00e9 ou une discipline dans laquelle canaliser leur \u00e9nergie et leur passion. En ce sens, la voie qui conduit certains \u00e9l\u00e8ves \u00e0 un suivi d'aide puis \u00e0 de v\u00e9ritables avertissements s'est r\u00e9v\u00e9l\u00e9e extr\u00eamement efficace: Ils se sentent partie int\u00e9grante d'une communaut\u00e9, ils prennent des responsabilit\u00e9s, ils trouvent un r\u00f4le non seulement sportif mais aussi social. Mais soyons clairs, toutes les associations li\u00e9es au territoire accomplissent une t\u00e2che tr\u00e8s importante en gardant les jeunes accroch\u00e9s \u00e0 la communaut\u00e9, et en transmettant des valeurs, des relations et des identit\u00e9s. Il s\u2019agit d\u2019une \u0153uvre silencieuse, peu visible mais, \u00e0 mon avis, essentielle\u00bb.<\/p>","protected":false},"excerpt":{"rendered":"<p>Le club de ski de Brissago a une longue histoire, mais il est plus vivant que jamais. Nous avons demand\u00e9 au pr\u00e9sident, le conseiller municipal Reto Repetti, de nous raconter cette histoire et d'expliquer comment l'association fonctionne aujourd'hui en promouvant la passion du ski aupr\u00e8s des enfants et des jeunes. \u00abDonc, si nous commen\u00e7ons par l\u2019histoire, nous devons prendre un certain nombre de mesures [...]<\/p>","protected":false},"author":2,"featured_media":5685,"comment_status":"closed","ping_status":"closed","sticky":false,"template":"","format":"standard","meta":{"_acf_changed":false,"footnotes":""},"categories":[1],"tags":[],"class_list":["post-5684","post","type-post","status-publish","format-standard","has-post-thumbnail","hentry","category-news"],"acf":[],"_links":{"self":[{"href":"https:\/\/www.brissago.ch\/fr\/wp-json\/wp\/v2\/posts\/5684","targetHints":{"allow":["GET"]}}],"collection":[{"href":"https:\/\/www.brissago.ch\/fr\/wp-json\/wp\/v2\/posts"}],"about":[{"href":"https:\/\/www.brissago.ch\/fr\/wp-json\/wp\/v2\/types\/post"}],"author":[{"embeddable":true,"href":"https:\/\/www.brissago.ch\/fr\/wp-json\/wp\/v2\/users\/2"}],"replies":[{"embeddable":true,"href":"https:\/\/www.brissago.ch\/fr\/wp-json\/wp\/v2\/comments?post=5684"}],"version-history":[{"count":1,"href":"https:\/\/www.brissago.ch\/fr\/wp-json\/wp\/v2\/posts\/5684\/revisions"}],"predecessor-version":[{"id":5686,"href":"https:\/\/www.brissago.ch\/fr\/wp-json\/wp\/v2\/posts\/5684\/revisions\/5686"}],"wp:featuredmedia":[{"embeddable":true,"href":"https:\/\/www.brissago.ch\/fr\/wp-json\/wp\/v2\/media\/5685"}],"wp:attachment":[{"href":"https:\/\/www.brissago.ch\/fr\/wp-json\/wp\/v2\/media?parent=5684"}],"wp:term":[{"taxonomy":"category","embeddable":true,"href":"https:\/\/www.brissago.ch\/fr\/wp-json\/wp\/v2\/categories?post=5684"},{"taxonomy":"post_tag","embeddable":true,"href":"https:\/\/www.brissago.ch\/fr\/wp-json\/wp\/v2\/tags?post=5684"}],"curies":[{"name":"wp","href":"https:\/\/api.w.org\/{rel}","templated":true}]}}