{"id":6548,"date":"2026-09-01T09:49:19","date_gmt":"2026-09-01T07:49:19","guid":{"rendered":"https:\/\/www.brissago.ch\/?p=6548"},"modified":"2026-09-01T09:50:26","modified_gmt":"2026-09-01T07:50:26","slug":"avviso-chiusura-strada-via-naccio","status":"publish","type":"post","link":"https:\/\/www.brissago.ch\/de\/avvisi\/avviso-chiusura-strada-via-naccio\/","title":{"rendered":"Stra\u00dfensperrung VIA NACCIO"},"content":{"rendered":"<p class=\"wp-block-paragraph\">Wir informieren die freundlichen Benutzer, dass VIA NACCIO f\u00fcr den Verkehr f\u00fcr Arbeiten zwischen Corte und Bassuno (Monti di Porta) gesperrt bleibt:<\/p>\n\n\n\n<p class=\"wp-block-paragraph\"><strong><u>10. SEPTEMBER 2026 \u2013 9.00\u201312.00 Uhr und 13.30\u201316.30 Uhr<\/u><\/strong><\/p>\n\n\n\n<p class=\"wp-block-paragraph\">Der Zugang zu Einsatzfahrzeugen ist nicht gew\u00e4hrleistet.<\/p>\n\n\n\n<p class=\"wp-block-paragraph\">Weitere Informationen erhalten Sie beim St\u00e4dtischen Technischen B\u00fcro.<\/p>\n\n\n\n<p class=\"wp-block-paragraph\">Er vertraut auf ein H\u00f6chstma\u00df an Verst\u00e4ndnis und Zusammenarbeit.&nbsp;&nbsp;&nbsp;&nbsp;&nbsp;&nbsp;&nbsp;&nbsp;&nbsp;&nbsp;&nbsp;&nbsp;&nbsp;&nbsp;&nbsp;&nbsp;&nbsp;&nbsp;&nbsp;&nbsp;&nbsp;&nbsp;&nbsp;<\/p>\n\n\n\n<figure class=\"wp-block-mazz-immagine mazz-immagine\"><a href=\"https:\/\/www.brissago.ch\/sito\/wp-content\/uploads\/2026\/09\/CARTA.jpg\" data-lightbox=\"gallery\" data-title=\"\"><picture><source srcset=\"https:\/\/www.brissago.ch\/sito\/wp-content\/uploads\/2026\/09\/CARTA-800x446.jpg\" media=\"(max-width: 600px)\"\/><source srcset=\"https:\/\/www.brissago.ch\/sito\/wp-content\/uploads\/2026\/09\/CARTA.jpg\" media=\"(min-width: 601px)\"\/><img decoding=\"async\" src=\"https:\/\/www.brissago.ch\/sito\/wp-content\/uploads\/2026\/09\/CARTA.jpg\" alt=\"\" title=\"\"><\/picture><\/a><\/figure>","protected":false},"excerpt":{"rendered":"<p>Wir informieren die freundlichen Benutzer, dass VIA NACCIO f\u00fcr den Verkehr f\u00fcr Arbeiten zwischen Corte und Bassuno (Monti di Porta) gesperrt bleibt: 10. SEPTEMBER 2026 \u2013 9.00\u201312.00 Uhr und 13.30\u201316.30 Uhr Der Zugang zu Einsatzfahrzeugen ist nicht garantiert. Weitere Informationen erhalten Sie beim St\u00e4dtischen Technischen B\u00fcro. Ja [\u2026]<\/p>","protected":false},"author":2,"featured_media":2861,"comment_status":"closed","ping_status":"closed","sticky":false,"template":"","format":"standard","meta":{"_acf_changed":false,"footnotes":""},"categories":[122],"tags":[],"class_list":["post-6548","post","type-post","status-publish","format-standard","has-post-thumbnail","hentry","category-avvisi"],"acf":[],"_links":{"self":[{"href":"https:\/\/www.brissago.ch\/de\/wp-json\/wp\/v2\/posts\/6548","targetHints":{"allow":["GET"]}}],"collection":[{"href":"https:\/\/www.brissago.ch\/de\/wp-json\/wp\/v2\/posts"}],"about":[{"href":"https:\/\/www.brissago.ch\/de\/wp-json\/wp\/v2\/types\/post"}],"author":[{"embeddable":true,"href":"https:\/\/www.brissago.ch\/de\/wp-json\/wp\/v2\/users\/2"}],"replies":[{"embeddable":true,"href":"https:\/\/www.brissago.ch\/de\/wp-json\/wp\/v2\/comments?post=6548"}],"version-history":[{"count":1,"href":"https:\/\/www.brissago.ch\/de\/wp-json\/wp\/v2\/posts\/6548\/revisions"}],"predecessor-version":[{"id":6550,"href":"https:\/\/www.brissago.ch\/de\/wp-json\/wp\/v2\/posts\/6548\/revisions\/6550"}],"wp:featuredmedia":[{"embeddable":true,"href":"https:\/\/www.brissago.ch\/de\/wp-json\/wp\/v2\/media\/2861"}],"wp:attachment":[{"href":"https:\/\/www.brissago.ch\/de\/wp-json\/wp\/v2\/media?parent=6548"}],"wp:term":[{"taxonomy":"category","embeddable":true,"href":"https:\/\/www.brissago.ch\/de\/wp-json\/wp\/v2\/categories?post=6548"},{"taxonomy":"post_tag","embeddable":true,"href":"https:\/\/www.brissago.ch\/de\/wp-json\/wp\/v2\/tags?post=6548"}],"curies":[{"name":"wp","href":"https:\/\/api.w.org\/{rel}","templated":true}]}}